{"id":785,"date":"2020-04-11T12:36:59","date_gmt":"2020-04-11T16:36:59","guid":{"rendered":"http:\/\/immortels.ca\/wordpress\/?p=785"},"modified":"2020-04-11T13:04:56","modified_gmt":"2020-04-11T17:04:56","slug":"les-mausolees-virtuels","status":"publish","type":"post","link":"http:\/\/immortels.ca\/wordpress\/les-mausolees-virtuels\/","title":{"rendered":"Les mausol\u00e9es virtuels"},"content":{"rendered":"\r\n<p>Par Andr\u00e9a Richard,<\/p>\r\n\r\n\r\n\r\n<p>Avril 2020<\/p>\r\n\r\n\r\n\r\n<h2><strong>L \u2019incin\u00e9ration, les mausol\u00e9es et les cimeti\u00e8res virtuels privil\u00e9gi\u00e9s<\/strong>,<\/h2>\r\n\r\n\r\n\r\n<p><img loading=\"lazy\" class=\"wp-image-791 alignleft\" src=\"http:\/\/immortels.ca\/wordpress\/wp-content\/uploads\/2020\/04\/IMG_8115-e1586624281212-221x300.jpg\" alt=\"\" width=\"124\" height=\"168\" srcset=\"http:\/\/immortels.ca\/wordpress\/wp-content\/uploads\/2020\/04\/IMG_8115-e1586624281212-221x300.jpg 221w, http:\/\/immortels.ca\/wordpress\/wp-content\/uploads\/2020\/04\/IMG_8115-e1586624281212-754x1024.jpg 754w, http:\/\/immortels.ca\/wordpress\/wp-content\/uploads\/2020\/04\/IMG_8115-e1586624281212-768x1043.jpg 768w, http:\/\/immortels.ca\/wordpress\/wp-content\/uploads\/2020\/04\/IMG_8115-e1586624281212-1131x1536.jpg 1131w, http:\/\/immortels.ca\/wordpress\/wp-content\/uploads\/2020\/04\/IMG_8115-e1586624281212.jpg 1255w\" sizes=\"(max-width: 124px) 100vw, 124px\" \/>Pr\u00e9sentement, en cette crise d\u2019\u00e9pid\u00e9mie et de r\u00e9clusion, pourraient \u00eatre indiqu\u00e9 comme prioritaire des cimeti\u00e8res et des mausol\u00e9es virtuels.<br \/>En certains pays, on nous montre une empil\u00e9e de corps et une fil\u00e9e de cercueils, c\u2019est d\u2019une tristesse inou\u00efe. Je pense que dans un futur peut-\u00eatre pas lointain, l\u2019incin\u00e9ration pourrait devenir obligatoire et les cimeti\u00e8res et mausol\u00e9es de plus en plus pris\u00e9s, parce que plus \u2013humanis\u00e9s-, de par les souvenirs laiss\u00e9s et la dur\u00e9e!<\/p>\r\n\r\n\r\n\r\n<p>En 2012, Michel Virard sp\u00e9cialiste en informatique, fondait sa compagnie nomm\u00e9e Immortels.ca, pour des mausol\u00e9es virtuels. \u00abIl faut trouver un moyen d\u2019assurer la p\u00e9rennit\u00e9 des informations que pourraient contenir les mausol\u00e9es virtuels qu\u2019on souhaite mettre en place. Une entreprise priv\u00e9e, avec la meilleure volont\u00e9 du monde, ne peut pas la garantir\u00bb expliquait M. Virard dans une conf\u00e9rence.<\/p>\r\n\r\n\r\n\r\n<p>Sans le savoir, nous projetions le m\u00eame projet, lui pour le r\u00e9aliser lui-m\u00eame, et moi pour le faire r\u00e9aliser par la ville de Trois-Rivi\u00e8res. J\u2019avais donc parl\u00e9 au Maire Yves L\u00e9vesque pour un cimeti\u00e8re virtuel pouvant se r\u00e9aliser par la ville, parce que, historiquement, les municipalit\u00e9s sont les organisations qui durent le plus longtemps, il s\u2019est montr\u00e9 int\u00e9ress\u00e9.<\/p>\r\n\r\n\r\n\r\n<p>Ensemble M.Virard et moi, nous avons donc rencontr\u00e9 le Maire accompagn\u00e9 de trois de ses hommes exp\u00e9riment\u00e9s et conseillers. M.Virard leur a pr\u00e9sent\u00e9 un plan professionnel qu\u2019il a con\u00e7u et en a fait la d\u00e9monstration. Selon le greffier de la Ville de Trois-Rivi\u00e8res M. Gilles Poulin, \u00abJe ne crois pas que dans le cadre juridique actuel, les municipalit\u00e9s puissent jouer un r\u00f4le comme celui-l\u00e0.\u00bb Il faut donc se tourner vers le gouvernement provincial pour voir si on ne pourrait pas confier ce pouvoir aux municipalit\u00e9s. \u00ab\u00c7a pourrait permettre d&rsquo;\u00e9viter que le service offert soit diff\u00e9rent d&rsquo;une municipalit\u00e9 \u00e0 l&rsquo;autre. Et le Directeur de l&rsquo;\u00e9tat civil s&rsquo;occupe d\u00e9j\u00e0 de donn\u00e9es personnelles concernant la vie des individus\u00bb.<br \/>Les villes pourraient remplir ce r\u00f4le d\u2019h\u00e9berger sur des serveurs informatiques les dossiers fournis par Monsieur et madame tout-le-monde, comme par exemple un enregistrement audio, des photos de mariage, une courte biographie, une copie de leur acte de naissance, et plus. La ville a d\u00e9j\u00e0 des services d&rsquo;archives et des biblioth\u00e8ques qui s&rsquo;occupe aussi de patrimoine et qui ont une long\u00e9vit\u00e9 enviable.<\/p>\r\n\r\n\r\n\r\n<p>Le concept est semblable \u00e0 celui des cimeti\u00e8res. Des personnes pourraient r\u00e9server leur \u00ablot\u00bb, en quelque sorte, et obtenir de l&rsquo;aide pour cr\u00e9er le mat\u00e9riel qui sera plac\u00e9 sur cet espace, par le biais de l&rsquo;informatique. La technologie aidant, M.Virard pense que les cimeti\u00e8res traditionnels pourraient bien faire place \u00e0 une m\u00e9moire collective virtuelle et qui sait, quasi immortelle ? Immortels.ca par M.Virard a d\u00e9j\u00e0 produit des vid\u00e9os, et moi des biographies, en vue du cimeti\u00e8re virtuel d\u00e9j\u00e0 sur internet.<br \/>Le nouveau service a aussi ceci de particulier de d\u00e9mocratiser la m\u00e9moire, en ce sens que tout le monde pourrait t\u00e9moigner de son histoire, un privil\u00e8ge souvent r\u00e9serv\u00e9 aux personnalit\u00e9s publiques ou c\u00e9l\u00e9brit\u00e9s.<\/p>\r\n\r\n\r\n\r\n<p>Plusieurs sc\u00e9narios peuvent \u00eatre envisag\u00e9s. Nous avons aussi rencontr\u00e9 un directeur de Salon fun\u00e9raire \u00e0 qui M.Virard a pr\u00e9sent\u00e9 son plan. Int\u00e9ress\u00e9, le directeur nous a dit vouloir en parler au haut patron, habitant dans une autre province, et nous n\u2019en avons plus entendu parler\u2026<\/p>\r\n\r\n\r\n\r\n<p>Dans le futur, pouvons-nous pr\u00e9sager l\u2019incin\u00e9ration, les mausol\u00e9es et les cimeti\u00e8res virtuels comme priorit\u00e9 ? La modernit\u00e9 et le virtuel \u00e9tant en vogue, les modes de vies et les \u00e9v\u00e8nements pourraient faire en sorte que cela arrive plut\u00f4t que pr\u00e9vu ! C\u2019est l\u2019avenir qui le dira.<br \/>En attendant, pour laisser \u00e0 nos descendants nos meilleurs souvenirs, Immortels.ca nous offre le service des mausol\u00e9es.<\/p>\r\n\r\n\r\n\r\n<p>Andr\u00e9a Richard<\/p>\r\n<figure id=\"attachment_792\" aria-describedby=\"caption-attachment-792\" style=\"width: 300px\" class=\"wp-caption aligncenter\"><img loading=\"lazy\" class=\"wp-image-792 size-medium\" src=\"http:\/\/immortels.ca\/wordpress\/wp-content\/uploads\/2020\/04\/IMG_8204-e1586624219522-300x174.jpg\" alt=\"Andr\u00e9a Richard et Michel Virard en 2012\" width=\"300\" height=\"174\" srcset=\"http:\/\/immortels.ca\/wordpress\/wp-content\/uploads\/2020\/04\/IMG_8204-e1586624219522-300x174.jpg 300w, http:\/\/immortels.ca\/wordpress\/wp-content\/uploads\/2020\/04\/IMG_8204-e1586624219522-1024x594.jpg 1024w, http:\/\/immortels.ca\/wordpress\/wp-content\/uploads\/2020\/04\/IMG_8204-e1586624219522-768x445.jpg 768w, http:\/\/immortels.ca\/wordpress\/wp-content\/uploads\/2020\/04\/IMG_8204-e1586624219522-1536x890.jpg 1536w, http:\/\/immortels.ca\/wordpress\/wp-content\/uploads\/2020\/04\/IMG_8204-e1586624219522-2048x1187.jpg 2048w\" sizes=\"(max-width: 300px) 100vw, 300px\" \/><figcaption id=\"caption-attachment-792\" class=\"wp-caption-text\">Andr\u00e9a Richard et Michel Virard en 2012 Introduction des mausol\u00e9es virtuels<\/figcaption><\/figure>\r\n","protected":false},"excerpt":{"rendered":"<p>Par Andr\u00e9a Richard, Avril 2020 L \u2019incin\u00e9ration, les mausol\u00e9es et les cimeti\u00e8res virtuels privil\u00e9gi\u00e9s, Pr\u00e9sentement, en cette crise d\u2019\u00e9pid\u00e9mie et de r\u00e9clusion, pourraient \u00eatre indiqu\u00e9 comme prioritaire des cimeti\u00e8res et des mausol\u00e9es virtuels.En certains pays, on nous montre une empil\u00e9e de corps et une fil\u00e9e de cercueils, c\u2019est d\u2019une tristesse inou\u00efe. Je pense que dans &hellip; <a href=\"http:\/\/immortels.ca\/wordpress\/les-mausolees-virtuels\/\" class=\"more-link\">Continuer la lecture de <span class=\"screen-reader-text\">Les mausol\u00e9es virtuels<\/span>  <span class=\"meta-nav\">&rarr;<\/span><\/a><\/p>\n","protected":false},"author":1,"featured_media":0,"comment_status":"closed","ping_status":"closed","sticky":false,"template":"","format":"standard","meta":{"spay_email":"","jetpack_publicize_message":"","jetpack_is_tweetstorm":false},"categories":[1],"tags":[10,9,8],"jetpack_featured_media_url":"","jetpack_publicize_connections":[],"yoast_head":"<!-- This site is optimized with the Yoast SEO plugin v15.0 - https:\/\/yoast.com\/wordpress\/plugins\/seo\/ -->\n<meta name=\"robots\" content=\"index, follow, max-snippet:-1, max-image-preview:large, max-video-preview:-1\" \/>\n<link rel=\"canonical\" href=\"http:\/\/immortels.ca\/wordpress\/les-mausolees-virtuels\/\" \/>\n<meta property=\"og:locale\" content=\"fr_FR\" \/>\n<meta property=\"og:type\" content=\"article\" \/>\n<meta property=\"og:title\" content=\"Les mausol\u00e9es virtuels - Immortels\" \/>\n<meta property=\"og:description\" content=\"Par Andr\u00e9a Richard, Avril 2020 L \u2019incin\u00e9ration, les mausol\u00e9es et les cimeti\u00e8res virtuels privil\u00e9gi\u00e9s, Pr\u00e9sentement, en cette crise d\u2019\u00e9pid\u00e9mie et de r\u00e9clusion, pourraient \u00eatre indiqu\u00e9 comme prioritaire des cimeti\u00e8res et des mausol\u00e9es virtuels.En certains pays, on nous montre une empil\u00e9e de corps et une fil\u00e9e de cercueils, c\u2019est d\u2019une tristesse inou\u00efe. Je pense que dans &hellip; Continuer la lecture de Les mausol\u00e9es virtuels &rarr;\" \/>\n<meta property=\"og:url\" content=\"http:\/\/immortels.ca\/wordpress\/les-mausolees-virtuels\/\" \/>\n<meta property=\"og:site_name\" content=\"Immortels\" \/>\n<meta property=\"article:publisher\" content=\"https:\/\/www.facebook.com\/immortels.ca\/\" \/>\n<meta property=\"article:published_time\" content=\"2020-04-11T16:36:59+00:00\" \/>\n<meta property=\"article:modified_time\" content=\"2020-04-11T17:04:56+00:00\" \/>\n<meta property=\"og:image\" content=\"http:\/\/immortels.ca\/wordpress\/wp-content\/uploads\/2020\/04\/IMG_8115-e1586624281212-221x300.jpg\" \/>\n<meta name=\"twitter:card\" content=\"summary_large_image\" \/>\n<script type=\"application\/ld+json\" class=\"yoast-schema-graph\">{\"@context\":\"https:\/\/schema.org\",\"@graph\":[{\"@type\":\"Organization\",\"@id\":\"http:\/\/immortels.ca\/wordpress\/#organization\",\"name\":\"Immortels.ca\",\"url\":\"http:\/\/immortels.ca\/wordpress\/\",\"sameAs\":[\"https:\/\/www.facebook.com\/immortels.ca\/\",\"https:\/\/www.youtube.com\/channel\/UC7Z1MrpTYIwCNWYmSF9JMzA\"],\"logo\":{\"@type\":\"ImageObject\",\"@id\":\"http:\/\/immortels.ca\/wordpress\/#logo\",\"inLanguage\":\"fr-FR\",\"url\":\"http:\/\/immortels.ca\/wordpress\/wp-content\/uploads\/2014\/10\/logo-immortels.ca_.jpg\",\"width\":540,\"height\":533,\"caption\":\"Immortels.ca\"},\"image\":{\"@id\":\"http:\/\/immortels.ca\/wordpress\/#logo\"}},{\"@type\":\"WebSite\",\"@id\":\"http:\/\/immortels.ca\/wordpress\/#website\",\"url\":\"http:\/\/immortels.ca\/wordpress\/\",\"name\":\"Immortels\",\"description\":\"On a tous une histoire \\u00e0 raconter\",\"publisher\":{\"@id\":\"http:\/\/immortels.ca\/wordpress\/#organization\"},\"potentialAction\":[{\"@type\":\"SearchAction\",\"target\":\"http:\/\/immortels.ca\/wordpress\/?s={search_term_string}\",\"query-input\":\"required name=search_term_string\"}],\"inLanguage\":\"fr-FR\"},{\"@type\":\"ImageObject\",\"@id\":\"http:\/\/immortels.ca\/wordpress\/les-mausolees-virtuels\/#primaryimage\",\"inLanguage\":\"fr-FR\",\"url\":\"http:\/\/immortels.ca\/wordpress\/wp-content\/uploads\/2020\/04\/IMG_8115-e1586624281212.jpg\",\"width\":1255,\"height\":1704},{\"@type\":\"WebPage\",\"@id\":\"http:\/\/immortels.ca\/wordpress\/les-mausolees-virtuels\/#webpage\",\"url\":\"http:\/\/immortels.ca\/wordpress\/les-mausolees-virtuels\/\",\"name\":\"Les mausol\\u00e9es virtuels - Immortels\",\"isPartOf\":{\"@id\":\"http:\/\/immortels.ca\/wordpress\/#website\"},\"primaryImageOfPage\":{\"@id\":\"http:\/\/immortels.ca\/wordpress\/les-mausolees-virtuels\/#primaryimage\"},\"datePublished\":\"2020-04-11T16:36:59+00:00\",\"dateModified\":\"2020-04-11T17:04:56+00:00\",\"inLanguage\":\"fr-FR\",\"potentialAction\":[{\"@type\":\"ReadAction\",\"target\":[\"http:\/\/immortels.ca\/wordpress\/les-mausolees-virtuels\/\"]}]},{\"@type\":\"Article\",\"@id\":\"http:\/\/immortels.ca\/wordpress\/les-mausolees-virtuels\/#article\",\"isPartOf\":{\"@id\":\"http:\/\/immortels.ca\/wordpress\/les-mausolees-virtuels\/#webpage\"},\"author\":{\"@id\":\"http:\/\/immortels.ca\/wordpress\/#\/schema\/person\/4e1b344a14030a618e877a9842824275\"},\"headline\":\"Les mausol\\u00e9es virtuels\",\"datePublished\":\"2020-04-11T16:36:59+00:00\",\"dateModified\":\"2020-04-11T17:04:56+00:00\",\"mainEntityOfPage\":{\"@id\":\"http:\/\/immortels.ca\/wordpress\/les-mausolees-virtuels\/#webpage\"},\"publisher\":{\"@id\":\"http:\/\/immortels.ca\/wordpress\/#organization\"},\"image\":{\"@id\":\"http:\/\/immortels.ca\/wordpress\/les-mausolees-virtuels\/#primaryimage\"},\"keywords\":\"cimeti\\u00e8re,cimeti\\u00e8re virtuel,mausol\\u00e9e\",\"articleSection\":\"Uncategorized\",\"inLanguage\":\"fr-FR\"},{\"@type\":\"Person\",\"@id\":\"http:\/\/immortels.ca\/wordpress\/#\/schema\/person\/4e1b344a14030a618e877a9842824275\",\"name\":\"mvirard3\",\"image\":{\"@type\":\"ImageObject\",\"@id\":\"http:\/\/immortels.ca\/wordpress\/#personlogo\",\"inLanguage\":\"fr-FR\",\"url\":\"http:\/\/1.gravatar.com\/avatar\/1d594db1318e91807383945faf4fa3dc?s=96&d=mm&r=g\",\"caption\":\"mvirard3\"}}]}<\/script>\n<!-- \/ Yoast SEO plugin. -->","jetpack_sharing_enabled":true,"jetpack_shortlink":"https:\/\/wp.me\/p5QWQr-cF","_links":{"self":[{"href":"http:\/\/immortels.ca\/wordpress\/wp-json\/wp\/v2\/posts\/785"}],"collection":[{"href":"http:\/\/immortels.ca\/wordpress\/wp-json\/wp\/v2\/posts"}],"about":[{"href":"http:\/\/immortels.ca\/wordpress\/wp-json\/wp\/v2\/types\/post"}],"author":[{"embeddable":true,"href":"http:\/\/immortels.ca\/wordpress\/wp-json\/wp\/v2\/users\/1"}],"replies":[{"embeddable":true,"href":"http:\/\/immortels.ca\/wordpress\/wp-json\/wp\/v2\/comments?post=785"}],"version-history":[{"count":9,"href":"http:\/\/immortels.ca\/wordpress\/wp-json\/wp\/v2\/posts\/785\/revisions"}],"predecessor-version":[{"id":798,"href":"http:\/\/immortels.ca\/wordpress\/wp-json\/wp\/v2\/posts\/785\/revisions\/798"}],"wp:attachment":[{"href":"http:\/\/immortels.ca\/wordpress\/wp-json\/wp\/v2\/media?parent=785"}],"wp:term":[{"taxonomy":"category","embeddable":true,"href":"http:\/\/immortels.ca\/wordpress\/wp-json\/wp\/v2\/categories?post=785"},{"taxonomy":"post_tag","embeddable":true,"href":"http:\/\/immortels.ca\/wordpress\/wp-json\/wp\/v2\/tags?post=785"}],"curies":[{"name":"wp","href":"https:\/\/api.w.org\/{rel}","templated":true}]}}